{"id":2118,"date":"2023-12-19T22:03:00","date_gmt":"2023-12-19T21:03:00","guid":{"rendered":"https:\/\/www.hbc.insure\/?p=2118"},"modified":"2024-11-17T22:04:10","modified_gmt":"2024-11-17T21:04:10","slug":"zukunftsweisende-allianz-albis-schliesst-sich-hbc-an","status":"publish","type":"post","link":"https:\/\/www.hbc.insure\/en\/zukunftsweisende-allianz-albis-schliesst-sich-hbc-an\/","title":{"rendered":"Future-oriented alliance: Albis becomes part of the HBC Group"},"content":{"rendered":"<h2 class=\"wp-block-heading\">HBC Group expands and welcomes Albis Assekuranzmakler GmbH as a new partner&nbsp;<\/h2>\n\n\n\n<p>Albis Assekuranzmakler GmbH joins the HBC Group. \u201cWith the consolidation of HBC and Albis, we are opening a promising new chapter for HBC\u201d, says Hauke Martinsen, CEO and Managing Director of the HBC Group. In his dual function as Managing Director of Albis Assekuranzmakler GmbH and as a member of the HBC Group Management Board, Tibor v. Jank\u00f3 adds: \u201cThe investment portfolio of the HBC Group, founded in 2022, will be strengthened once again. After establishing the group and taking the first successful steps in 2022 and 2023, which I personally actively supported from the very beginning, I am now even more pleased that Albis has become part of the successful HBC Group. I am convinced, that Albis Assekuranzmakler has long-term future-oriented potential within the HBC Group. The company and its clients will also benefit from the constantly growing infrastructure of the HBC Group in the areas of additional sector expertise.\u201d<\/p>","protected":false},"excerpt":{"rendered":"<p>Die HBC-Gruppe vergr\u00f6\u00dfert sich und begr\u00fc\u00dft die Albis Assekuranzmakler GmbH als neuen Partner&nbsp; Die Albis Assekuranzmakler GmbH schlie\u00dft sich der HBC-Gruppe an. \u201eMit dem Zusammenschluss von HBC und Albis schlagen wir f\u00fcr HBC ein weiteres vielversprechendes Kapitel auf!\u201c, sagt Hauke Martinsen, CEO und Gesch\u00e4ftsf\u00fchrer der HBC-Gruppe. In seiner Doppelfunktion als Gesch\u00e4ftsf\u00fchrer der Albis Assekuranzmakler GmbH [&hellip;]<\/p>\n","protected":false},"author":1,"featured_media":0,"comment_status":"open","ping_status":"open","sticky":false,"template":"","format":"standard","meta":{"_acf_changed":false,"footnotes":""},"categories":[1],"tags":[],"class_list":["post-2118","post","type-post","status-publish","format-standard","hentry","category-unkategorisiert"],"acf":[],"yoast_head":"<!-- This site is optimized with the Yoast SEO plugin v27.4 - https:\/\/yoast.com\/product\/yoast-seo-wordpress\/ -->\n<title>Zukunftsweisende Allianz: Albis schlie\u00dft sich HBC an - HBC<\/title>\n<meta name=\"robots\" content=\"index, follow, max-snippet:-1, max-image-preview:large, max-video-preview:-1\" \/>\n<link rel=\"canonical\" href=\"https:\/\/www.hbc.insure\/en\/zukunftsweisende-allianz-albis-schliesst-sich-hbc-an\/\" \/>\n<meta property=\"og:locale\" content=\"en_US\" \/>\n<meta property=\"og:type\" content=\"article\" \/>\n<meta property=\"og:title\" content=\"Zukunftsweisende Allianz: Albis schlie\u00dft sich HBC an - HBC\" \/>\n<meta property=\"og:description\" content=\"Die HBC-Gruppe vergr\u00f6\u00dfert sich und begr\u00fc\u00dft die Albis Assekuranzmakler GmbH als neuen Partner&nbsp; Die Albis Assekuranzmakler GmbH schlie\u00dft sich der HBC-Gruppe an. \u201eMit dem Zusammenschluss von HBC und Albis schlagen wir f\u00fcr HBC ein weiteres vielversprechendes Kapitel auf!\u201c, sagt Hauke Martinsen, CEO und Gesch\u00e4ftsf\u00fchrer der HBC-Gruppe. In seiner Doppelfunktion als Gesch\u00e4ftsf\u00fchrer der Albis Assekuranzmakler GmbH [&hellip;]\" \/>\n<meta property=\"og:url\" content=\"https:\/\/www.hbc.insure\/en\/zukunftsweisende-allianz-albis-schliesst-sich-hbc-an\/\" \/>\n<meta property=\"og:site_name\" content=\"HBC\" \/>\n<meta property=\"article:published_time\" content=\"2023-12-19T21:03:00+00:00\" \/>\n<meta property=\"article:modified_time\" content=\"2024-11-17T21:04:10+00:00\" \/>\n<meta name=\"author\" content=\"admin\" \/>\n<meta name=\"twitter:card\" content=\"summary_large_image\" \/>\n<meta name=\"twitter:label1\" content=\"Written by\" \/>\n\t<meta name=\"twitter:data1\" content=\"admin\" \/>\n\t<meta name=\"twitter:label2\" content=\"Est. reading time\" \/>\n\t<meta name=\"twitter:data2\" content=\"1 minute\" \/>\n<script type=\"application\/ld+json\" class=\"yoast-schema-graph\">{\"@context\":\"https:\\\/\\\/schema.org\",\"@graph\":[{\"@type\":\"Article\",\"@id\":\"https:\\\/\\\/www.hbc.insure\\\/zukunftsweisende-allianz-albis-schliesst-sich-hbc-an\\\/#article\",\"isPartOf\":{\"@id\":\"https:\\\/\\\/www.hbc.insure\\\/zukunftsweisende-allianz-albis-schliesst-sich-hbc-an\\\/\"},\"author\":{\"name\":\"admin\",\"@id\":\"https:\\\/\\\/www.hbc.insure\\\/#\\\/schema\\\/person\\\/a7c41cc0b8d63545b5a1a1abb81156a0\"},\"headline\":\"Zukunftsweisende Allianz: Albis schlie\u00dft sich HBC an\",\"datePublished\":\"2023-12-19T21:03:00+00:00\",\"dateModified\":\"2024-11-17T21:04:10+00:00\",\"mainEntityOfPage\":{\"@id\":\"https:\\\/\\\/www.hbc.insure\\\/zukunftsweisende-allianz-albis-schliesst-sich-hbc-an\\\/\"},\"wordCount\":169,\"commentCount\":0,\"publisher\":{\"@id\":\"https:\\\/\\\/www.hbc.insure\\\/#organization\"},\"articleSection\":[\"Unkategorisiert\"],\"inLanguage\":\"en-US\",\"potentialAction\":[{\"@type\":\"CommentAction\",\"name\":\"Comment\",\"target\":[\"https:\\\/\\\/www.hbc.insure\\\/zukunftsweisende-allianz-albis-schliesst-sich-hbc-an\\\/#respond\"]}]},{\"@type\":\"WebPage\",\"@id\":\"https:\\\/\\\/www.hbc.insure\\\/zukunftsweisende-allianz-albis-schliesst-sich-hbc-an\\\/\",\"url\":\"https:\\\/\\\/www.hbc.insure\\\/zukunftsweisende-allianz-albis-schliesst-sich-hbc-an\\\/\",\"name\":\"Zukunftsweisende Allianz: Albis schlie\u00dft sich HBC an - HBC\",\"isPartOf\":{\"@id\":\"https:\\\/\\\/www.hbc.insure\\\/#website\"},\"datePublished\":\"2023-12-19T21:03:00+00:00\",\"dateModified\":\"2024-11-17T21:04:10+00:00\",\"breadcrumb\":{\"@id\":\"https:\\\/\\\/www.hbc.insure\\\/zukunftsweisende-allianz-albis-schliesst-sich-hbc-an\\\/#breadcrumb\"},\"inLanguage\":\"en-US\",\"potentialAction\":[{\"@type\":\"ReadAction\",\"target\":[\"https:\\\/\\\/www.hbc.insure\\\/zukunftsweisende-allianz-albis-schliesst-sich-hbc-an\\\/\"]}]},{\"@type\":\"BreadcrumbList\",\"@id\":\"https:\\\/\\\/www.hbc.insure\\\/zukunftsweisende-allianz-albis-schliesst-sich-hbc-an\\\/#breadcrumb\",\"itemListElement\":[{\"@type\":\"ListItem\",\"position\":1,\"name\":\"Home\",\"item\":\"https:\\\/\\\/www.hbc.insure\\\/\"},{\"@type\":\"ListItem\",\"position\":2,\"name\":\"Zukunftsweisende Allianz: Albis schlie\u00dft sich HBC an\"}]},{\"@type\":\"WebSite\",\"@id\":\"https:\\\/\\\/www.hbc.insure\\\/#website\",\"url\":\"https:\\\/\\\/www.hbc.insure\\\/\",\"name\":\"HBC\",\"description\":\"\",\"publisher\":{\"@id\":\"https:\\\/\\\/www.hbc.insure\\\/#organization\"},\"potentialAction\":[{\"@type\":\"SearchAction\",\"target\":{\"@type\":\"EntryPoint\",\"urlTemplate\":\"https:\\\/\\\/www.hbc.insure\\\/?s={search_term_string}\"},\"query-input\":{\"@type\":\"PropertyValueSpecification\",\"valueRequired\":true,\"valueName\":\"search_term_string\"}}],\"inLanguage\":\"en-US\"},{\"@type\":\"Organization\",\"@id\":\"https:\\\/\\\/www.hbc.insure\\\/#organization\",\"name\":\"HBC\",\"url\":\"https:\\\/\\\/www.hbc.insure\\\/\",\"logo\":{\"@type\":\"ImageObject\",\"inLanguage\":\"en-US\",\"@id\":\"https:\\\/\\\/www.hbc.insure\\\/#\\\/schema\\\/logo\\\/image\\\/\",\"url\":\"https:\\\/\\\/www.hbc.insure\\\/wp-content\\\/uploads\\\/2024\\\/10\\\/logo-hbc-color.svg\",\"contentUrl\":\"https:\\\/\\\/www.hbc.insure\\\/wp-content\\\/uploads\\\/2024\\\/10\\\/logo-hbc-color.svg\",\"width\":80,\"height\":62,\"caption\":\"HBC\"},\"image\":{\"@id\":\"https:\\\/\\\/www.hbc.insure\\\/#\\\/schema\\\/logo\\\/image\\\/\"},\"sameAs\":[\"https:\\\/\\\/www.linkedin.com\\\/company\\\/hbc-gruppe\\\/\"]},{\"@type\":\"Person\",\"@id\":\"https:\\\/\\\/www.hbc.insure\\\/#\\\/schema\\\/person\\\/a7c41cc0b8d63545b5a1a1abb81156a0\",\"name\":\"admin\",\"image\":{\"@type\":\"ImageObject\",\"inLanguage\":\"en-US\",\"@id\":\"https:\\\/\\\/secure.gravatar.com\\\/avatar\\\/9b218e147c2bbfdf097bf3307562e2974dcccfa6a471b5e479bd6c7a2b62bf20?s=96&d=mm&r=g\",\"url\":\"https:\\\/\\\/secure.gravatar.com\\\/avatar\\\/9b218e147c2bbfdf097bf3307562e2974dcccfa6a471b5e479bd6c7a2b62bf20?s=96&d=mm&r=g\",\"contentUrl\":\"https:\\\/\\\/secure.gravatar.com\\\/avatar\\\/9b218e147c2bbfdf097bf3307562e2974dcccfa6a471b5e479bd6c7a2b62bf20?s=96&d=mm&r=g\",\"caption\":\"admin\"},\"sameAs\":[\"https:\\\/\\\/www.hbc.insure\"]}]}<\/script>\n<!-- \/ Yoast SEO plugin. -->","yoast_head_json":{"title":"Zukunftsweisende Allianz: Albis schlie\u00dft sich HBC an - HBC","robots":{"index":"index","follow":"follow","max-snippet":"max-snippet:-1","max-image-preview":"max-image-preview:large","max-video-preview":"max-video-preview:-1"},"canonical":"https:\/\/www.hbc.insure\/en\/zukunftsweisende-allianz-albis-schliesst-sich-hbc-an\/","og_locale":"en_US","og_type":"article","og_title":"Zukunftsweisende Allianz: Albis schlie\u00dft sich HBC an - HBC","og_description":"Die HBC-Gruppe vergr\u00f6\u00dfert sich und begr\u00fc\u00dft die Albis Assekuranzmakler GmbH als neuen Partner&nbsp; Die Albis Assekuranzmakler GmbH schlie\u00dft sich der HBC-Gruppe an. \u201eMit dem Zusammenschluss von HBC und Albis schlagen wir f\u00fcr HBC ein weiteres vielversprechendes Kapitel auf!\u201c, sagt Hauke Martinsen, CEO und Gesch\u00e4ftsf\u00fchrer der HBC-Gruppe. In seiner Doppelfunktion als Gesch\u00e4ftsf\u00fchrer der Albis Assekuranzmakler GmbH [&hellip;]","og_url":"https:\/\/www.hbc.insure\/en\/zukunftsweisende-allianz-albis-schliesst-sich-hbc-an\/","og_site_name":"HBC","article_published_time":"2023-12-19T21:03:00+00:00","article_modified_time":"2024-11-17T21:04:10+00:00","author":"admin","twitter_card":"summary_large_image","twitter_misc":{"Written by":"admin","Est. reading time":"1 minute"},"schema":{"@context":"https:\/\/schema.org","@graph":[{"@type":"Article","@id":"https:\/\/www.hbc.insure\/zukunftsweisende-allianz-albis-schliesst-sich-hbc-an\/#article","isPartOf":{"@id":"https:\/\/www.hbc.insure\/zukunftsweisende-allianz-albis-schliesst-sich-hbc-an\/"},"author":{"name":"admin","@id":"https:\/\/www.hbc.insure\/#\/schema\/person\/a7c41cc0b8d63545b5a1a1abb81156a0"},"headline":"Zukunftsweisende Allianz: Albis schlie\u00dft sich HBC an","datePublished":"2023-12-19T21:03:00+00:00","dateModified":"2024-11-17T21:04:10+00:00","mainEntityOfPage":{"@id":"https:\/\/www.hbc.insure\/zukunftsweisende-allianz-albis-schliesst-sich-hbc-an\/"},"wordCount":169,"commentCount":0,"publisher":{"@id":"https:\/\/www.hbc.insure\/#organization"},"articleSection":["Unkategorisiert"],"inLanguage":"en-US","potentialAction":[{"@type":"CommentAction","name":"Comment","target":["https:\/\/www.hbc.insure\/zukunftsweisende-allianz-albis-schliesst-sich-hbc-an\/#respond"]}]},{"@type":"WebPage","@id":"https:\/\/www.hbc.insure\/zukunftsweisende-allianz-albis-schliesst-sich-hbc-an\/","url":"https:\/\/www.hbc.insure\/zukunftsweisende-allianz-albis-schliesst-sich-hbc-an\/","name":"Zukunftsweisende Allianz: Albis schlie\u00dft sich HBC an - HBC","isPartOf":{"@id":"https:\/\/www.hbc.insure\/#website"},"datePublished":"2023-12-19T21:03:00+00:00","dateModified":"2024-11-17T21:04:10+00:00","breadcrumb":{"@id":"https:\/\/www.hbc.insure\/zukunftsweisende-allianz-albis-schliesst-sich-hbc-an\/#breadcrumb"},"inLanguage":"en-US","potentialAction":[{"@type":"ReadAction","target":["https:\/\/www.hbc.insure\/zukunftsweisende-allianz-albis-schliesst-sich-hbc-an\/"]}]},{"@type":"BreadcrumbList","@id":"https:\/\/www.hbc.insure\/zukunftsweisende-allianz-albis-schliesst-sich-hbc-an\/#breadcrumb","itemListElement":[{"@type":"ListItem","position":1,"name":"Home","item":"https:\/\/www.hbc.insure\/"},{"@type":"ListItem","position":2,"name":"Zukunftsweisende Allianz: Albis schlie\u00dft sich HBC an"}]},{"@type":"WebSite","@id":"https:\/\/www.hbc.insure\/#website","url":"https:\/\/www.hbc.insure\/","name":"HBC","description":"","publisher":{"@id":"https:\/\/www.hbc.insure\/#organization"},"potentialAction":[{"@type":"SearchAction","target":{"@type":"EntryPoint","urlTemplate":"https:\/\/www.hbc.insure\/?s={search_term_string}"},"query-input":{"@type":"PropertyValueSpecification","valueRequired":true,"valueName":"search_term_string"}}],"inLanguage":"en-US"},{"@type":"Organization","@id":"https:\/\/www.hbc.insure\/#organization","name":"HBC","url":"https:\/\/www.hbc.insure\/","logo":{"@type":"ImageObject","inLanguage":"en-US","@id":"https:\/\/www.hbc.insure\/#\/schema\/logo\/image\/","url":"https:\/\/www.hbc.insure\/wp-content\/uploads\/2024\/10\/logo-hbc-color.svg","contentUrl":"https:\/\/www.hbc.insure\/wp-content\/uploads\/2024\/10\/logo-hbc-color.svg","width":80,"height":62,"caption":"HBC"},"image":{"@id":"https:\/\/www.hbc.insure\/#\/schema\/logo\/image\/"},"sameAs":["https:\/\/www.linkedin.com\/company\/hbc-gruppe\/"]},{"@type":"Person","@id":"https:\/\/www.hbc.insure\/#\/schema\/person\/a7c41cc0b8d63545b5a1a1abb81156a0","name":"admin","image":{"@type":"ImageObject","inLanguage":"en-US","@id":"https:\/\/secure.gravatar.com\/avatar\/9b218e147c2bbfdf097bf3307562e2974dcccfa6a471b5e479bd6c7a2b62bf20?s=96&d=mm&r=g","url":"https:\/\/secure.gravatar.com\/avatar\/9b218e147c2bbfdf097bf3307562e2974dcccfa6a471b5e479bd6c7a2b62bf20?s=96&d=mm&r=g","contentUrl":"https:\/\/secure.gravatar.com\/avatar\/9b218e147c2bbfdf097bf3307562e2974dcccfa6a471b5e479bd6c7a2b62bf20?s=96&d=mm&r=g","caption":"admin"},"sameAs":["https:\/\/www.hbc.insure"]}]}},"_links":{"self":[{"href":"https:\/\/www.hbc.insure\/en\/wp-json\/wp\/v2\/posts\/2118","targetHints":{"allow":["GET"]}}],"collection":[{"href":"https:\/\/www.hbc.insure\/en\/wp-json\/wp\/v2\/posts"}],"about":[{"href":"https:\/\/www.hbc.insure\/en\/wp-json\/wp\/v2\/types\/post"}],"author":[{"embeddable":true,"href":"https:\/\/www.hbc.insure\/en\/wp-json\/wp\/v2\/users\/1"}],"replies":[{"embeddable":true,"href":"https:\/\/www.hbc.insure\/en\/wp-json\/wp\/v2\/comments?post=2118"}],"version-history":[{"count":1,"href":"https:\/\/www.hbc.insure\/en\/wp-json\/wp\/v2\/posts\/2118\/revisions"}],"predecessor-version":[{"id":2121,"href":"https:\/\/www.hbc.insure\/en\/wp-json\/wp\/v2\/posts\/2118\/revisions\/2121"}],"wp:attachment":[{"href":"https:\/\/www.hbc.insure\/en\/wp-json\/wp\/v2\/media?parent=2118"}],"wp:term":[{"taxonomy":"category","embeddable":true,"href":"https:\/\/www.hbc.insure\/en\/wp-json\/wp\/v2\/categories?post=2118"},{"taxonomy":"post_tag","embeddable":true,"href":"https:\/\/www.hbc.insure\/en\/wp-json\/wp\/v2\/tags?post=2118"}],"curies":[{"name":"wp","href":"https:\/\/api.w.org\/{rel}","templated":true}]}}